{"id":90,"__str__":"PARECER - PARECER DO DEPARTAMENTO JUR\u00cdDICO AO PR 06/2021 de 19/03/2021 por DR. VIN\u00cdCIUS ARA\u00daJO CUNHA","link_detail_backend":"/materia/documentoacessorio/90","metadata":{},"nome":"PARECER DO DEPARTAMENTO JUR\u00cdDICO AO PR 06/2021","data":"2021-03-19","autor":"DR. VIN\u00cdCIUS ARA\u00daJO CUNHA","ementa":"","indexacao":"","arquivo":"http://sapl.itaudeminas.mg.leg.br/media/sapl/public/documentoacessorio/2021/90/parecer_juridico_000066.pdf","data_ultima_atualizacao":"2021-03-19T11:01:27.473419-03:00","materia":1411,"tipo":8}