{"id":1058,"__str__":"REQUERIMENTO n\u00ba 47 de 2020","link_detail_backend":"/materia/1058","metadata":{},"numero":47,"ano":2020,"numero_protocolo":null,"data_apresentacao":"2020-04-13","tipo_apresentacao":"E","data_publicacao":null,"numero_origem_externa":"","ano_origem_externa":null,"data_origem_externa":null,"apelido":"","dias_prazo":null,"data_fim_prazo":null,"em_tramitacao":false,"polemica":null,"objeto":"","complementar":null,"ementa":"A Mesa Diretora da C\u00e2mara Municipal por seus membros abaixo assinado requer a concess\u00e3o do regime de urg\u00eancia especial ao seguinte projeto:\r\n- Projeto de Resolu\u00e7\u00e3o n. 04 que Institui ritos de procedimentos para a realiza\u00e7\u00e3o de sess\u00f5es ordin\u00e1rias e extraordin\u00e1rias, na modalidade remota, no \u00e2mbito da C\u00e2mara Municipal de Ita\u00fa de Minas/MG como solu\u00e7\u00e3o a ser utilizada durante a emerg\u00eancia de sa\u00fade p\u00fablica relacionada \u00e0 pandemia do COVID-19 e assemelhados.","indexacao":"JUSTIFICATIVA\r\n\r\n\tO pedido visa dar agilidade a tramita\u00e7\u00e3o deste projeto sem o que perder\u00e1 a oportunidade e efic\u00e1cia.\r\n\r\nSala das Sess\u00f5es, em 13 de Abril de 2020.\r\n\r\n\r\n\r\nOberdan Faria \u2013 Presidente\r\n\r\nJuliana Mattar \u2013 Vice-Presidente\r\n\r\nMatheus Vilela Silva \u2013 Secret\u00e1rio","observacao":"","resultado":"","texto_original":"http://sapl.itaudeminas.mg.leg.br/media/sapl/public/materialegislativa/2020/1058/requerimento_urgencia_proj_resolucao_no__47.pdf","data_ultima_atualizacao":"2021-02-15T12:49:42.736531-03:00","ip":"45.70.19.200","ultima_edicao":null,"tipo":7,"regime_tramitacao":2,"tipo_origem_externa":null,"local_origem_externa":null,"user":3,"anexadas":[],"autores":[]}