{"id":1208,"__str__":"PROJETO DE LEI ORDIN\u00c1RIA n\u00ba 23 de 2020","link_detail_backend":"/materia/1208","metadata":{},"numero":23,"ano":2020,"numero_protocolo":null,"data_apresentacao":"2020-06-26","tipo_apresentacao":"E","data_publicacao":null,"numero_origem_externa":"23","ano_origem_externa":2020,"data_origem_externa":null,"apelido":"","dias_prazo":null,"data_fim_prazo":null,"em_tramitacao":false,"polemica":null,"objeto":"","complementar":null,"ementa":"PPROJETO DE LEI N\u00ba 23, DE 25 DE JUNHO DE 2020.\r\n\r\nAUTORIZA A ABERTURA DE CR\u00c9DITO ADICIONAL ESPECIAL NA LEI N\u00ba 1063/2020 - QUE ESTIMA A RECEITA E FIXA A DESPESA DO MUNIC\u00cdPIO DE ITA\u00da DE MINAS PARA O EXERC\u00cdCIO FINANCEIRO DE 2020 - E D\u00c1 OUTRAS PROVID\u00caNCIAS.\r\n\r\n\r\n\tA C\u00e2mara Municipal de Ita\u00fa de Minas (MG), por seus representantes, aprova a seguinte lei:\r\n\r\n\tArt. 1\u00ba - Fica o Poder Executivo autorizado a abrir cr\u00e9dito adicional especial na Lei Or\u00e7ament\u00e1ria Anual - Lei n\u00ba 1063, de 02 de janeiro de 2020 -, na import\u00e2ncia de R$ 198.000,00 (cento e noventa e oito mil reais), destinado \u00e0 aquisi\u00e7\u00e3o de Ambul\u00e2ncia - UTI M\u00f3vel para a manuten\u00e7\u00e3o das a\u00e7\u00f5es e servi\u00e7os p\u00fablicos de sa\u00fade, nas seguintes dota\u00e7\u00f5es or\u00e7ament\u00e1rias:\r\n\r\n\u00d3rg\u00e3o:\t02 - Executivo Municipal\t\r\nUnidade:\t02.10 - Secretaria de Sa\u00fade\t\r\nClassifica\u00e7\u00e3o program\u00e1tica:\t10.302.1008.1.008.1113 - Aquisi\u00e7\u00e3o de UTI M\u00f3vel Terrestre\t\r\nNatureza da despesa:\t4.4.90.52 - Equipamento e Material Permanente \t\r\nDestina\u00e7\u00e3o de Recursos\t2.092 - Aliena\u00e7\u00e3o de Bens\tR$ 110.000,00","indexacao":"","observacao":"","resultado":"","texto_original":"http://sapl.itaudeminas.mg.leg.br/media/sapl/public/materialegislativa/2020/1208/projeto_de_lei_no_23.20_-_uti_movel_-_executivo.pdf","data_ultima_atualizacao":"2021-02-15T13:17:18.473005-03:00","ip":"45.70.19.200","ultima_edicao":null,"tipo":1,"regime_tramitacao":2,"tipo_origem_externa":1,"local_origem_externa":null,"user":5,"anexadas":[1228],"autores":[22]}