{"id":1209,"__str__":"PROJETO DE LEI ORDIN\u00c1RIA n\u00ba 22 de 2020","link_detail_backend":"/materia/1209","metadata":{},"numero":22,"ano":2020,"numero_protocolo":null,"data_apresentacao":"2020-02-24","tipo_apresentacao":"E","data_publicacao":null,"numero_origem_externa":"","ano_origem_externa":null,"data_origem_externa":null,"apelido":"","dias_prazo":null,"data_fim_prazo":null,"em_tramitacao":false,"polemica":null,"objeto":"","complementar":null,"ementa":"PROIBE A REALIZA\u00c7\u00c3O DE EVENTOS COMO A\u00c7\u00c3O DE ENFRENTAMENTO \u00c0 PANDEMIA DO COVID 19 EM ITA\u00da DE MINAS/MG.","indexacao":"A C\u00e2mara Municipal de Ita\u00fa de Minas, Estado de Minas Gerais, por seus representantes aprova:\r\n\r\nArt. 1\u00ba Ficam proibidos a realiza\u00e7\u00e3o de eventos sociais, culturais, religiosos, beneficentes, esportivos, comerciais, entre outros at\u00e9 o dia 31 de dezembro de 2020, para evitar a aglomera\u00e7\u00f5es de pessoas como medida de combate a prolifera\u00e7\u00e3o do Coronav\u00edrus no Munic\u00edpio de Ita\u00fa de Minas.\r\n\r\nArt. 2\u00ba - Esta Lei entra em vigor na data de sua publica\u00e7\u00e3o, revogadas as disposi\u00e7\u00f5es em contr\u00e1rio.\r\n\r\nSala das Sess\u00f5es, em 19 de Junho de 2019.\r\n\r\n\r\nOBERDAN FARIA\r\nVEREADOR","observacao":"","resultado":"","texto_original":"http://sapl.itaudeminas.mg.leg.br/media/sapl/public/materialegislativa/2020/1209/projeto_22_e_mensagem_proibe_eventos_covid_oberdan_1.pdf","data_ultima_atualizacao":"2021-02-15T13:17:18.262755-03:00","ip":"45.70.19.200","ultima_edicao":null,"tipo":1,"regime_tramitacao":1,"tipo_origem_externa":null,"local_origem_externa":null,"user":3,"anexadas":[],"autores":[8]}