{"id":1228,"__str__":"PARECER CFO n\u00ba 5 de 2020","link_detail_backend":"/materia/1228","metadata":{},"numero":5,"ano":2020,"numero_protocolo":null,"data_apresentacao":"2020-07-02","tipo_apresentacao":"E","data_publicacao":null,"numero_origem_externa":"","ano_origem_externa":null,"data_origem_externa":null,"apelido":"","dias_prazo":null,"data_fim_prazo":null,"em_tramitacao":false,"polemica":null,"objeto":"","complementar":null,"ementa":"MAT\u00c9RIA \u2013 PROJETO DE LEI N\u00ba 23/20 - Autoriza a abertura de Cr\u00e9dito Adicional Especial na Lei n\u00ba 1063/2020 - Que Estima a Receita e fixa a despesa do Munic\u00edpio de Ita\u00fa De Minas para o exerc\u00edcio financeiro de 2020 - e d\u00e1 outras provid\u00eancias.\r\n\r\nRELATOR \u2013 Juliana Mattar\r\n\tO Projeto de Lei tem como finalidade abrir cr\u00e9dito adicional especial destinado a incluir, na dota\u00e7\u00e3o or\u00e7ament\u00e1ria para aquisi\u00e7\u00e3o de uma ambul\u00e2ncia tipo UTI M\u00f3vel.\r\n\tCom as receitas provenientes de leil\u00e3o e bens inserv\u00edveis e de sobras de conv\u00eanios do SUS e mais recursos pr\u00f3prios ordin\u00e1rios, a Administra\u00e7\u00e3o Municipal conseguir\u00e1 adquirir uma UTI M\u00d3VEL para transporte sanit\u00e1rio de pacientes em estado delicado de sa\u00fade at\u00e9 os centros hospitalares de refer\u00eancia.\r\n\tRessaltando que dos recursos pr\u00f3prios foram utilizados as emenda impositivas que s\u00e3o as verbas sob responsabilidade do vereador, cuja destina\u00e7\u00e3o obedece em sua totalidade ao interesse p\u00fablico. \r\n\tNestes termos sou pela aprova\u00e7\u00e3o \r\n\u00c9 o meu parecer. \r\nSalvo Melhor Ju\u00edzo.","indexacao":"","observacao":"","resultado":"","texto_original":"http://sapl.itaudeminas.mg.leg.br/media/sapl/public/materialegislativa/2020/1228/parecer_da_cfo_projeto_de_lei_no_23.20_-_julian_fN3TlzC.pdf","data_ultima_atualizacao":"2021-02-15T13:17:18.886876-03:00","ip":"45.70.19.200","ultima_edicao":null,"tipo":12,"regime_tramitacao":1,"tipo_origem_externa":null,"local_origem_externa":null,"user":3,"anexadas":[],"autores":[17]}