{"id":2074,"__str__":"PROJETO DE RESOLU\u00c7\u00c3O n\u00ba 2 de 2023","link_detail_backend":"/materia/2074","metadata":{},"numero":2,"ano":2023,"numero_protocolo":74,"data_apresentacao":"2023-03-13","tipo_apresentacao":"E","data_publicacao":null,"numero_origem_externa":"","ano_origem_externa":null,"data_origem_externa":null,"apelido":"","dias_prazo":null,"data_fim_prazo":null,"em_tramitacao":true,"polemica":false,"objeto":"","complementar":false,"ementa":"Disp\u00f5e sobre o Processo Administrativo Disciplinar n\u00ba 02/2022 que tem por objeto \u201cSuposta quebra de decoro parlamentar pelo vereador Roberto Gon\u00e7alves Vieira em virtude da apresenta\u00e7\u00e3o das conversas/di\u00e1logos particulares desenvolvidos em redes sociais do vereador Davi Sousa nos autos do Requerimento ADM. n\u00ba 03/2022\u201d.","indexacao":"","observacao":"","resultado":"","texto_original":"http://sapl.itaudeminas.mg.leg.br/media/sapl/public/materialegislativa/2023/2074/projeto_de_resolucao_no_02-2023___-_censura_escrita_-_roberto_pad_02.pdf","data_ultima_atualizacao":"2023-03-17T09:13:58.899008-03:00","ip":"45.70.19.200","ultima_edicao":"2023-03-13T14:32:22.071292-03:00","tipo":2,"regime_tramitacao":1,"tipo_origem_externa":null,"local_origem_externa":null,"user":3,"anexadas":[2075],"autores":[5]}