{"id":3142,"__str__":"REDA\u00c7\u00c3O FINAL n\u00ba 100225 de 2025","link_detail_backend":"/materia/3142","metadata":{},"numero":100225,"ano":2025,"numero_protocolo":null,"data_apresentacao":"2025-12-09","tipo_apresentacao":"E","data_publicacao":null,"numero_origem_externa":"","ano_origem_externa":null,"data_origem_externa":null,"apelido":"","dias_prazo":null,"data_fim_prazo":null,"em_tramitacao":false,"polemica":false,"objeto":"","complementar":false,"ementa":"PARECER EM REDA\u00c7\u00c3O FINAL\r\nMAT\u00c9RIAS \u2013 PROPOSTA DE EMENDA \u00c0 LEI ORG\u00c2NICA MUNICIPAL N. 02/25 - Altera dispositivos que menciona na Lei Org\u00e2nica Municipal que trata das emendas impositivas e d\u00e1 outras; \r\n\r\nRELATOR \u2013 RAYAN ALBERT AMORIM SILVEIRA\r\n\r\n\r\nA mat\u00e9ria foi aprovada com seu texto original e nada houve o que retoc\u00e1-la para adequ\u00e1-la ao bom vern\u00e1culo, \r\nSou pela aprova\u00e7\u00e3o. \u00c9 o meu parecer. Salvo melhor ju\u00edzo.","indexacao":"","observacao":"","resultado":"","texto_original":null,"data_ultima_atualizacao":"2025-12-09T10:19:05.709048-03:00","ip":"45.70.19.200","ultima_edicao":"2025-12-09T10:19:05.605551-03:00","tipo":47,"regime_tramitacao":1,"tipo_origem_externa":null,"local_origem_externa":null,"user":3,"anexadas":[],"autores":[10]}