{"id":3193,"__str__":"INDICA\u00c7\u00c3O n\u00ba 13 de 2026","link_detail_backend":"/materia/3193","metadata":{"signs":{"texto_original":{"admin":[],"autores":[["Patrick Aparecido Goulart Campos",["2026-02-03T12:55:47-03:00","ICP-Brasil - AC SyngularID Multipla"]]]}}},"numero":13,"ano":2026,"numero_protocolo":54,"data_apresentacao":"2026-02-03","tipo_apresentacao":"E","data_publicacao":null,"numero_origem_externa":"","ano_origem_externa":null,"data_origem_externa":null,"apelido":"","dias_prazo":null,"data_fim_prazo":null,"em_tramitacao":false,"polemica":false,"objeto":"","complementar":false,"ementa":"O Vereador que esta subscreve, indica \u00e0 Mesa desta Casa provid\u00eancias junto ao Executivo para que o Munic\u00edpio fa\u00e7a a limpeza geral da rua Rodrigues Amorim \u2013 subindo nas imedia\u00e7\u00f5es do Lar S\u00e3o Vicente posto que o mato tomou conta do local, galhos ca\u00eddos e muito lixo acumulado pelo local.","indexacao":"","observacao":"","resultado":"","texto_original":"http://sapl.itaudeminas.mg.leg.br/media/sapl/public/materialegislativa/2026/3193/indicacao_no_13_patrick_rua_rodrigues_amorim_1.pdf","data_ultima_atualizacao":"2026-03-18T09:55:37.627080-03:00","ip":"45.70.19.200","ultima_edicao":"2026-02-03T13:02:57.525187-03:00","tipo":5,"regime_tramitacao":1,"tipo_origem_externa":null,"local_origem_externa":null,"user":3,"anexadas":[],"autores":[55]}