{"id":3196,"__str__":"INDICA\u00c7\u00c3O n\u00ba 15 de 2026","link_detail_backend":"/materia/3196","metadata":{"signs":{"texto_original":{"admin":[],"autores":[["Rayan Albert Amorim Silveira",["2026-02-05T16:09:20-03:00","ICP-Brasil - AC SyngularID Multipla"]]]}}},"numero":15,"ano":2026,"numero_protocolo":61,"data_apresentacao":"2026-02-06","tipo_apresentacao":"E","data_publicacao":null,"numero_origem_externa":"","ano_origem_externa":null,"data_origem_externa":null,"apelido":"","dias_prazo":null,"data_fim_prazo":null,"em_tramitacao":false,"polemica":false,"objeto":"","complementar":false,"ementa":"O Vereador que esta subscreve, indica \u00e0 Mesa desta Casa provid\u00eancias junto a Executivo Municipal para que a Administra\u00e7\u00e3o Municipal concentre esfor\u00e7os via Governos Federal e Estadual visando constru\u00e7\u00e3o e instala\u00e7\u00e3o de uma Unidade de Pronto Atendimento \u2013 UPA 24 horas - em Ita\u00fa de Minas.","indexacao":"","observacao":"","resultado":"","texto_original":"http://sapl.itaudeminas.mg.leg.br/media/sapl/public/materialegislativa/2026/3196/indicacao_no_15_rayan_upa.pdf","data_ultima_atualizacao":"2026-03-18T09:55:38.029952-03:00","ip":"45.70.19.200","ultima_edicao":"2026-02-06T08:53:36.821350-03:00","tipo":5,"regime_tramitacao":1,"tipo_origem_externa":null,"local_origem_externa":null,"user":3,"anexadas":[],"autores":[56]}