{"id":3197,"__str__":"INDICA\u00c7\u00c3O n\u00ba 16 de 2026","link_detail_backend":"/materia/3197","metadata":{"signs":{"texto_original":{"admin":[],"autores":[["Rayan Albert Amorim Silveira",["2026-02-05T16:09:50-03:00","ICP-Brasil - AC SyngularID Multipla"]]]}}},"numero":16,"ano":2026,"numero_protocolo":62,"data_apresentacao":"2026-02-06","tipo_apresentacao":"E","data_publicacao":null,"numero_origem_externa":"","ano_origem_externa":null,"data_origem_externa":null,"apelido":"","dias_prazo":null,"data_fim_prazo":null,"em_tramitacao":false,"polemica":false,"objeto":"","complementar":false,"ementa":"O Vereador que esta subscreve, indica \u00e0 Mesa desta Casa provid\u00eancias junto a Executivo Municipal para que a Administra\u00e7\u00e3o Municipal concentre esfor\u00e7os via Governos Federal e Estadual visando a constru\u00e7\u00e3o e instala\u00e7\u00e3o de um Centro de Refer\u00eancia em Fisioterapia e Fonoaudiologia no munic\u00edpio de Ita\u00fa de Minas.","indexacao":"","observacao":"","resultado":"","texto_original":"http://sapl.itaudeminas.mg.leg.br/media/sapl/public/materialegislativa/2026/3197/indicacao_no_16_centro_fisio_e_fono_rayan.pdf","data_ultima_atualizacao":"2026-03-18T09:55:38.213246-03:00","ip":"45.70.19.200","ultima_edicao":"2026-02-06T08:56:03.858976-03:00","tipo":5,"regime_tramitacao":1,"tipo_origem_externa":null,"local_origem_externa":null,"user":3,"anexadas":[],"autores":[56]}