{"id":3202,"__str__":"INDICA\u00c7\u00c3O n\u00ba 20 de 2026","link_detail_backend":"/materia/3202","metadata":{"signs":{"texto_original":{"admin":[],"autores":[["Patrick Aparecido Goulart Campos",["2026-02-12T13:34:49-03:00","ICP-Brasil - AC SyngularID Multipla"]]]}}},"numero":20,"ano":2026,"numero_protocolo":71,"data_apresentacao":"2026-02-12","tipo_apresentacao":"E","data_publicacao":null,"numero_origem_externa":"","ano_origem_externa":null,"data_origem_externa":null,"apelido":"","dias_prazo":null,"data_fim_prazo":null,"em_tramitacao":false,"polemica":false,"objeto":"","complementar":false,"ementa":"O Vereador que esta subscreve, indica \u00e0 Mesa desta Casa provid\u00eancias junto ao Executivo Municipal para que sejam adotadas as provid\u00eancias necess\u00e1rias para o cumprimento integral da Lei Org\u00e2nica Municipal no que tange \u00e0 cria\u00e7\u00e3o e efetiva instala\u00e7\u00e3o da Guarda Municipal em Ita\u00fa de Minas","indexacao":"","observacao":"","resultado":"","texto_original":"http://sapl.itaudeminas.mg.leg.br/media/sapl/public/materialegislativa/2026/3202/indicacao_no_20_guarda_municipal_patrick.pdf","data_ultima_atualizacao":"2026-03-18T09:55:38.596836-03:00","ip":"45.70.19.200","ultima_edicao":"2026-02-18T13:42:09.983818-03:00","tipo":5,"regime_tramitacao":1,"tipo_origem_externa":null,"local_origem_externa":null,"user":3,"anexadas":[],"autores":[55]}