{"id":3203,"__str__":"INDICA\u00c7\u00c3O n\u00ba 21 de 2026","link_detail_backend":"/materia/3203","metadata":{"signs":{"texto_original":{"admin":[],"autores":[["Maria Elena de Oliveira Faria",["2026-02-13T09:40:58-03:00","ICP-Brasil - AC SyngularID Multipla"]]]}}},"numero":21,"ano":2026,"numero_protocolo":72,"data_apresentacao":"2026-02-12","tipo_apresentacao":"E","data_publicacao":null,"numero_origem_externa":"","ano_origem_externa":null,"data_origem_externa":null,"apelido":"","dias_prazo":null,"data_fim_prazo":null,"em_tramitacao":false,"polemica":false,"objeto":"","complementar":false,"ementa":"A Vereadora que esta subscreve, indica \u00e0 Mesa desta Casa provid\u00eancias junto ao Executivo Municipal, ratificando o pedido feito na Indica\u00e7\u00e3o n\u00ba 148/25, para que sejam feitos reparos na Capela S\u00e3o Judas Tadeu (capela dentro do cemit\u00e9rio) quais sejam:\r\n- troca dos vidros que est\u00e3o soltos ou quebrados,\r\n- reparo nas duas portas que n\u00e3o trancam, est\u00e3o com ferrugem, danificadas e precisam ser ajustadas, - pintura e tamb\u00e9m a reposi\u00e7\u00e3o da placa da referida capela.","indexacao":"","observacao":"","resultado":"","texto_original":"http://sapl.itaudeminas.mg.leg.br/media/sapl/public/materialegislativa/2026/3203/indicacao_no_21_capela_cemiterio_m._elena.pdf","data_ultima_atualizacao":"2026-03-18T09:55:38.812658-03:00","ip":"45.70.19.200","ultima_edicao":"2026-02-18T13:51:30.204127-03:00","tipo":5,"regime_tramitacao":1,"tipo_origem_externa":null,"local_origem_externa":null,"user":3,"anexadas":[],"autores":[31]}