{"id":3205,"__str__":"REQUERIMENTO n\u00ba 7 de 2026","link_detail_backend":"/materia/3205","metadata":{"signs":{"texto_original":{"admin":[],"autores":[["Maria Elena de Oliveira Faria",["2026-02-13T09:40:28-03:00","ICP-Brasil - AC SyngularID Multipla"]]]}}},"numero":7,"ano":2026,"numero_protocolo":74,"data_apresentacao":"2026-02-18","tipo_apresentacao":"E","data_publicacao":null,"numero_origem_externa":"","ano_origem_externa":null,"data_origem_externa":null,"apelido":"","dias_prazo":null,"data_fim_prazo":null,"em_tramitacao":false,"polemica":false,"objeto":"","complementar":false,"ementa":"A vereadora que este subscreve, requerer do Senhor Prefeito Municipal e \u00e0 Secretaria Municipal de Sa\u00fade, as seguintes informa\u00e7\u00f5es acerca do desabastecimento de medicamentos na Farm\u00e1cia B\u00e1sica da rede municipal de sa\u00fade:\r\n1. Quais medicamentos dessa lista est\u00e3o, neste momento, em falta ou com estoque zerado no almoxarifado central e nas unidades de dispensa\u00e7\u00e3o?\r\n2. Qual \u00e9 o motivo oficial para o desabastecimento atual? (Ex.: atraso no processo licitat\u00f3rio, falta de repasse de verbas, problemas com fornecedores, aumento repentino da demanda).\r\n3. Qual a previs\u00e3o para a regulariza\u00e7\u00e3o do estoque e a data em que os medicamentos em falta ser\u00e3o disponibilizados novamente \u00e0 popula\u00e7\u00e3o?\r\n4. Que medidas emergenciais est\u00e3o sendo tomadas pela Secretaria Municipal de Sa\u00fade para atender os pacientes que necessitam de medicamentos de uso cont\u00ednuo e que est\u00e3o desabastecidos?","indexacao":"","observacao":"","resultado":"","texto_original":"http://sapl.itaudeminas.mg.leg.br/media/sapl/public/materialegislativa/2026/3205/requerimento_n07_elena_medicamentos_farmacia.pdf","data_ultima_atualizacao":"2026-03-18T09:51:59.819167-03:00","ip":"45.70.19.200","ultima_edicao":"2026-02-18T14:06:36.321596-03:00","tipo":7,"regime_tramitacao":1,"tipo_origem_externa":null,"local_origem_externa":null,"user":3,"anexadas":[],"autores":[31]}