{"id":3210,"__str__":"INDICA\u00c7\u00c3O n\u00ba 24 de 2026","link_detail_backend":"/materia/3210","metadata":{"signs":{"texto_original":{"admin":[],"autores":[["Dyonatan Camilo Costa",["2026-02-23T09:53:23-03:00","ICP-Brasil - AC SyngularID Multipla"]]]}}},"numero":24,"ano":2026,"numero_protocolo":80,"data_apresentacao":"2026-02-23","tipo_apresentacao":"E","data_publicacao":null,"numero_origem_externa":"","ano_origem_externa":null,"data_origem_externa":null,"apelido":"","dias_prazo":null,"data_fim_prazo":null,"em_tramitacao":false,"polemica":false,"objeto":"","complementar":false,"ementa":"O Vereador que subscreve, nos termos regimentais, indica ao Executivo Municipal, por meio das secretarias competentes, a ado\u00e7\u00e3o das seguintes provid\u00eancias na Esta\u00e7\u00e3o Cultura:\r\n\u2022 Reforma geral do pr\u00e9dio, incluindo telhado, portas e janelas, atualmente danificados e vulner\u00e1veis a invas\u00f5es, furtos e vandalismo;\r\n\u2022 Instala\u00e7\u00e3o de condicionadores de ar para climatiza\u00e7\u00e3o do espa\u00e7o, garantindo conforto t\u00e9rmico aos m\u00fasicos e servidores que utilizam o local.","indexacao":"","observacao":"","resultado":"","texto_original":"http://sapl.itaudeminas.mg.leg.br/media/sapl/public/materialegislativa/2026/3210/indicacao_no_24_dyonatan_casa_cultura.pdf","data_ultima_atualizacao":"2026-03-24T15:18:06.984771-03:00","ip":"45.70.19.200","ultima_edicao":"2026-02-23T11:20:02.896795-03:00","tipo":5,"regime_tramitacao":1,"tipo_origem_externa":null,"local_origem_externa":null,"user":3,"anexadas":[],"autores":[54]}