{"id":3217,"__str__":"REQUERIMENTO n\u00ba 8 de 2026","link_detail_backend":"/materia/3217","metadata":{"signs":{"texto_original":{"admin":[],"autores":[["Maria Elena de Oliveira Faria",["2026-02-23T14:32:32-03:00","ICP-Brasil - AC SyngularID Multipla"]],["Patrick Aparecido Goulart Campos",["2026-02-23T14:32:20-03:00","ICP-Brasil - AC SyngularID Multipla"]],["Rayan Albert Amorim Silveira",["2026-02-23T14:32:05-03:00","ICP-Brasil - AC SyngularID Multipla"]]]}}},"numero":8,"ano":2026,"numero_protocolo":85,"data_apresentacao":"2026-02-23","tipo_apresentacao":"E","data_publicacao":null,"numero_origem_externa":"","ano_origem_externa":null,"data_origem_externa":null,"apelido":"","dias_prazo":null,"data_fim_prazo":null,"em_tramitacao":false,"polemica":false,"objeto":"","complementar":false,"ementa":"A Mesa Diretora, por seus membros abaixo assinados, requer que seja apreciado em regime de URG\u00caNCIA ESPECIAL e dispensados os pareceres das comiss\u00f5es permanentes dos seguintes projetos:\r\n1. Projeto de Lei n. 05 que \u201cAltera a Lei n.\u00ba 1.317/2024, que Institui o Aux\u00edlio Vale-Alimenta\u00e7\u00e3o aos servidores p\u00fablicos do Poder Executivo do Munic\u00edpio de Ita\u00fa de Minas e d\u00e1 outras provid\u00eancias\u201d;\r\n2. Projeto de Resolu\u00e7\u00e3o n\u00ba 02 que \u201cAltera a Resolu\u00e7\u00e3o n. 310, que \u201cInstitui o Aux\u00edlio Vale Alimenta\u00e7\u00e3o dos servidores p\u00fablicos da C\u00e2mara Municipal de Ita\u00fa de Minas/MG e d\u00e1 outras provid\u00eancias.\u201d;","indexacao":"","observacao":"","resultado":"","texto_original":"http://sapl.itaudeminas.mg.leg.br/media/sapl/public/materialegislativa/2026/3217/requerimento_no_08_urgencia_especial_vales.pdf","data_ultima_atualizacao":"2026-02-26T10:32:06.889677-03:00","ip":"45.70.19.200","ultima_edicao":"2026-02-23T14:36:34.440626-03:00","tipo":7,"regime_tramitacao":1,"tipo_origem_externa":null,"local_origem_externa":null,"user":3,"anexadas":[],"autores":[32]}