{"id":3220,"__str__":"REQUERIMENTO n\u00ba 9 de 2026","link_detail_backend":"/materia/3220","metadata":{"signs":{"texto_original":{"admin":[],"autores":[["Maria Elena de Oliveira Faria",["2026-02-27T08:51:54-03:00","ICP-Brasil - AC SyngularID Multipla"]]]}}},"numero":9,"ano":2026,"numero_protocolo":91,"data_apresentacao":"2026-02-27","tipo_apresentacao":"E","data_publicacao":null,"numero_origem_externa":"","ano_origem_externa":null,"data_origem_externa":null,"apelido":"","dias_prazo":null,"data_fim_prazo":null,"em_tramitacao":true,"polemica":false,"objeto":"","complementar":false,"ementa":"A Vereadora que esta subscreve, no uso de suas atribui\u00e7\u00f5es legais e regimentais, requer, ap\u00f3s ouvido o soberano Plen\u00e1rio, que seja encaminhado ao Prefeito Municipal e \u00e0 Secretaria Municipal de Sa\u00fade ou \u00f3rg\u00e3o competente, o seguinte pedido de informa\u00e7\u00f5es:\r\n1.H\u00e1 previs\u00e3o ou cronograma estabelecido para o in\u00edcio das castra\u00e7\u00f5es de c\u00e3es e gatos no munic\u00edpio, a serem feitas com os recursos oriundos de Emenda Impositiva destinados a este fim?\r\n2.Quantos animais (c\u00e3es e gatos) o munic\u00edpio pretende castrar mensalmente e qual a meta anual para o programa?\r\n3.Como ser\u00e1 o fluxo de atendimento para a popula\u00e7\u00e3o acessar o servi\u00e7o (cadastro, triagem, prioridades)?","indexacao":"","observacao":"","resultado":"","texto_original":"http://sapl.itaudeminas.mg.leg.br/media/sapl/public/materialegislativa/2026/3220/requerimento_no_09_elena_castracao.pdf","data_ultima_atualizacao":"2026-03-04T10:12:48.026955-03:00","ip":"45.70.16.72","ultima_edicao":"2026-02-27T12:49:52.259686-03:00","tipo":7,"regime_tramitacao":1,"tipo_origem_externa":null,"local_origem_externa":null,"user":3,"anexadas":[],"autores":[31]}