{"id":3221,"__str__":"INDICA\u00c7\u00c3O n\u00ba 30 de 2026","link_detail_backend":"/materia/3221","metadata":{"signs":{"texto_original":{"admin":[],"autores":[["Patrick Aparecido Goulart Campos",["2026-02-27T08:44:17-03:00","ICP-Brasil - AC SyngularID Multipla"]],["Rayan Albert Amorim Silveira",["2026-02-27T08:43:41-03:00","ICP-Brasil - AC SyngularID Multipla"]]]}}},"numero":30,"ano":2026,"numero_protocolo":92,"data_apresentacao":"2026-02-27","tipo_apresentacao":"E","data_publicacao":null,"numero_origem_externa":"","ano_origem_externa":null,"data_origem_externa":null,"apelido":"","dias_prazo":null,"data_fim_prazo":null,"em_tramitacao":false,"polemica":false,"objeto":"","complementar":false,"ementa":"Os vereadores que esta subscrevem, nos termos regimentais, indicam ao Executivo Municipal, por meio das secretarias competentes, que seja feita a limpeza imediata e posterior abertura dos processos t\u00e9cnicos e administrativos visando a revitaliza\u00e7\u00e3o da Pra\u00e7a Sagrada Fam\u00edlia, incluindo os seguintes servi\u00e7os:\r\n\u2022limpeza geral do local;\r\n\u2022poda de \u00e1rvores, onde necess\u00e1rio;\r\n\u2022manuten\u00e7\u00e3o ou substitui\u00e7\u00e3o dos bancos;\r\n\u2022melhorias na infraestrutura, como pintura, reparos nos passeios e revitaliza\u00e7\u00e3o dos canteiros e jardins","indexacao":"","observacao":"","resultado":"","texto_original":"http://sapl.itaudeminas.mg.leg.br/media/sapl/public/materialegislativa/2026/3221/indicacao_n30_rayan__e_patrick_limpeza_praca_sagrada_familia.pdf","data_ultima_atualizacao":"2026-03-24T15:18:08.297641-03:00","ip":"45.70.16.72","ultima_edicao":"2026-02-27T12:53:35.451163-03:00","tipo":5,"regime_tramitacao":1,"tipo_origem_externa":null,"local_origem_externa":null,"user":3,"anexadas":[],"autores":[55,56]}