{"id":3225,"__str__":"INDICA\u00c7\u00c3O n\u00ba 33 de 2026","link_detail_backend":"/materia/3225","metadata":{"signs":{"texto_original":{"admin":[],"autores":[["Patrick Aparecido Goulart Campos",["2026-03-02T11:02:07-03:00","ICP-Brasil - AC SyngularID Multipla"]]]}}},"numero":33,"ano":2026,"numero_protocolo":95,"data_apresentacao":"2026-03-02","tipo_apresentacao":"E","data_publicacao":null,"numero_origem_externa":"","ano_origem_externa":null,"data_origem_externa":null,"apelido":"","dias_prazo":null,"data_fim_prazo":null,"em_tramitacao":false,"polemica":false,"objeto":"","complementar":false,"ementa":"O Vereador que esta subscreve, no uso de suas atribui\u00e7\u00f5es regimentais, vem \u00e0 presen\u00e7a de Vossa Excel\u00eancia, ap\u00f3s ouvido o soberano Plen\u00e1rio, solicitar ao Excelent\u00edssimo Senhor Prefeito Municipal, com c\u00f3pia Senhora Secret\u00e1ria Municipal de Educa\u00e7\u00e3o, para que sejam adotadas as medidas necess\u00e1rias visando a implementa\u00e7\u00e3o da Lei Municipal n. 1219/22 que \u201cInstitui no Calend\u00e1rio Oficial do Munic\u00edpio de Ita\u00fa de Minas o Dia Municipal dos Trabalhadores da Educa\u00e7\u00e3o\u201d. \r\nTamb\u00e9m propomos a cria\u00e7\u00e3o de categorias espec\u00edficas para premia\u00e7\u00e3o, garantindo que nenhuma fun\u00e7\u00e3o essencial fique exclu\u00edda do merecido reconhecimento. Sugere-se, a t\u00edtulo de exemplo, a premia\u00e7\u00e3o das seguintes categorias:\r\n\u2022\tUm(a) Professor(a) de cada n\u00edvel por escola;\r\n\u2022\tUm(a) Auxiliar de Servi\u00e7os;\r\n\u2022\tInspetor(a) de Alunos;\r\n\u2022\tProfissional da Secretaria;\r\n\u2022\tEducador(a);\r\n\u2022\tMotorista;\r\n\u2022\tProfissionais da Supervis\u00e3o;\r\n\u2022\tProfissionais da Orienta\u00e7\u00e3o;\r\n\u2022\tProfissionais da Coordena\u00e7\u00e3o.","indexacao":"","observacao":"","resultado":"","texto_original":"http://sapl.itaudeminas.mg.leg.br/media/sapl/public/materialegislativa/2026/3225/indicacao_n33_patrick_homenagem_educadores.pdf","data_ultima_atualizacao":"2026-03-24T15:18:08.999000-03:00","ip":"45.70.16.97","ultima_edicao":"2026-03-02T11:03:42.886054-03:00","tipo":5,"regime_tramitacao":1,"tipo_origem_externa":null,"local_origem_externa":null,"user":3,"anexadas":[],"autores":[55]}