{"id":3230,"__str__":"INDICA\u00c7\u00c3O n\u00ba 29 de 2026","link_detail_backend":"/materia/3230","metadata":{"signs":{"texto_original":{"admin":[],"autores":[["Rayan Albert Amorim Silveira",["2026-02-26T10:06:08-03:00","ICP-Brasil - AC SyngularID Multipla"]]]}}},"numero":29,"ano":2026,"numero_protocolo":101,"data_apresentacao":"2026-02-26","tipo_apresentacao":"E","data_publicacao":null,"numero_origem_externa":"","ano_origem_externa":null,"data_origem_externa":null,"apelido":"","dias_prazo":null,"data_fim_prazo":null,"em_tramitacao":false,"polemica":false,"objeto":"","complementar":false,"ementa":"O Vereador que subscreve, nos termos regimentais, indica ao Executivo Municipal, por meio do setor competente, a ado\u00e7\u00e3o da seguinte provid\u00eancia:\r\n\u2022Instala\u00e7\u00e3o de placas de sinaliza\u00e7\u00e3o de tr\u00e2nsito nas imedia\u00e7\u00f5es do cruzamento da Rua Dr. Massaud Mattar com a Rua Rodrigues de Amorim.","indexacao":"","observacao":"","resultado":"","texto_original":"http://sapl.itaudeminas.mg.leg.br/media/sapl/public/materialegislativa/2026/3230/indicacao_no_29_rayan_placa_sinalizacao_massaud_mattar.pdf","data_ultima_atualizacao":"2026-03-24T15:18:08.033127-03:00","ip":"45.70.16.104","ultima_edicao":"2026-03-03T17:46:01.597429-03:00","tipo":5,"regime_tramitacao":1,"tipo_origem_externa":null,"local_origem_externa":null,"user":3,"anexadas":[],"autores":[56]}