{"id":3267,"__str__":"PROJETO DE LEI ORDIN\u00c1RIA n\u00ba 15 de 2026","link_detail_backend":"/materia/3267","metadata":{"signs":{"texto_original":{"admin":[],"autores":[["Rayan Albert Amorim Silveira",["2026-03-25T16:07:43-03:00","ICP-Brasil - AC SyngularID Multipla"]]]}}},"numero":15,"ano":2026,"numero_protocolo":151,"data_apresentacao":"2026-03-26","tipo_apresentacao":"E","data_publicacao":null,"numero_origem_externa":"","ano_origem_externa":null,"data_origem_externa":null,"apelido":"","dias_prazo":null,"data_fim_prazo":null,"em_tramitacao":true,"polemica":false,"objeto":"","complementar":false,"ementa":"\u201cAutoriza o Poder Executivo a instituir o Programa Ita\u00fa Trabalhando no \u00e2mbito do Munic\u00edpio de Ita\u00fa de Minas e d\u00e1 outras provid\u00eancias.\u201d","indexacao":"","observacao":"","resultado":"","texto_original":"http://sapl.itaudeminas.mg.leg.br/media/sapl/public/materialegislativa/2026/3267/projeto_de_lei_no15_rayan_progarma_trabalho_e_desemprego_ok.pdf","data_ultima_atualizacao":"2026-04-15T09:04:01.341268-03:00","ip":"45.70.19.200","ultima_edicao":"2026-03-26T10:38:25.143138-03:00","tipo":1,"regime_tramitacao":1,"tipo_origem_externa":null,"local_origem_externa":null,"user":3,"anexadas":[3288],"autores":[56]}