{"id":3271,"__str__":"INDICA\u00c7\u00c3O n\u00ba 50 de 2026","link_detail_backend":"/materia/3271","metadata":{"signs":{"texto_original":{"admin":[],"autores":[["Geovan dos Santos",["2026-03-30T09:38:20-03:00","ICP-Brasil - AC SyngularID Multipla"]],["Rayan Albert Amorim Silveira",["2026-03-30T09:38:31-03:00","ICP-Brasil - AC SyngularID Multipla"]]]}}},"numero":50,"ano":2026,"numero_protocolo":156,"data_apresentacao":"2026-03-30","tipo_apresentacao":"E","data_publicacao":null,"numero_origem_externa":"","ano_origem_externa":null,"data_origem_externa":null,"apelido":"","dias_prazo":null,"data_fim_prazo":null,"em_tramitacao":false,"polemica":false,"objeto":"","complementar":false,"ementa":"Os vereadores que esta subscrevem, indicam ao Poder Executivo Municipal as seguintes\r\nprovid\u00eancias:\r\no Aumento de altura do redutor de velocidade existente na Rua Ant\u00f4nio Ferreira da\r\nSilva (altura do n\u00ba 143, Sagrada Fam\u00edlia);\r\no Sinaliza\u00e7\u00e3o vertical complementar (placa de advert\u00eancia);\r\no Pintura refletiva de faixas zebradas.","indexacao":"","observacao":"","resultado":"","texto_original":"http://sapl.itaudeminas.mg.leg.br/media/sapl/public/materialegislativa/2026/3271/indicacao_no_50_redutor_ria_antonio_ferreira_geovan_e_rayan.pdf","data_ultima_atualizacao":"2026-04-15T14:45:21.940421-03:00","ip":"45.70.19.200","ultima_edicao":"2026-03-30T10:05:09.074670-03:00","tipo":5,"regime_tramitacao":1,"tipo_origem_externa":null,"local_origem_externa":null,"user":3,"anexadas":[],"autores":[30,56]}