{"id":3273,"__str__":"REDA\u00c7\u00c3O FINAL n\u00ba 10726 de 2026","link_detail_backend":"/materia/3273","metadata":{"signs":{"texto_original":{"admin":[],"autores":[["Dyonatan Camilo Costa",["2026-03-31T08:09:44-03:00","ICP-Brasil - AC SyngularID Multipla"]],["Heliel Custodio Francisco",["2026-03-31T08:09:33-03:00","ICP-Brasil - AC SyngularID Multipla"]],["Maria Elena de Oliveira Faria",["2026-03-31T08:09:58-03:00","ICP-Brasil - AC SyngularID Multipla"]]]}}},"numero":10726,"ano":2026,"numero_protocolo":null,"data_apresentacao":"2026-03-31","tipo_apresentacao":"E","data_publicacao":null,"numero_origem_externa":"","ano_origem_externa":null,"data_origem_externa":null,"apelido":"","dias_prazo":null,"data_fim_prazo":null,"em_tramitacao":true,"polemica":false,"objeto":"","complementar":false,"ementa":"PARECER \u2013 REDA\u00c7\u00c3O FINAL ASSUNTO - Projeto de Lei n, 07/26, que \"Disp\u00f5e sobre a obrigatoriedade da remo\u00e7\u00e3o de tocos e ra\u00edzes remanescentes do corte de \u00e1rvores em logradouros p\u00fablicos no Munic\u00edpio de Ita\u00fa de Minas e d\u00e1 outras provid\u00eancias\u201d;\r\nRELATOR \u2013 Heliel Cust\u00f3dio","indexacao":"","observacao":"","resultado":"","texto_original":"http://sapl.itaudeminas.mg.leg.br/media/sapl/public/materialegislativa/2026/3273/parecer_redacao_final_plo_07-26.pdf","data_ultima_atualizacao":"2026-03-31T15:00:38.542401-03:00","ip":"45.70.19.200","ultima_edicao":"2026-03-31T14:58:57.754784-03:00","tipo":47,"regime_tramitacao":1,"tipo_origem_externa":null,"local_origem_externa":null,"user":3,"anexadas":[],"autores":[10]}