{"id":3279,"__str__":"REQUERIMENTO n\u00ba 13 de 2026","link_detail_backend":"/materia/3279","metadata":{"signs":{"texto_original":{"admin":[],"autores":[["Dyonatan Camilo Costa",["2026-04-10T13:09:45-03:00","ICP-Brasil - AC SyngularID Multipla"]],["Fabiano Gomes de Lima",["2026-04-10T13:10:02-03:00","ICP-Brasil - AC SyngularID Multipla"]],["Geovan dos Santos",["2026-04-10T13:09:04-03:00","ICP-Brasil - AC SyngularID Multipla"]],["Heliel Custodio Francisco",["2026-04-10T13:09:15-03:00","ICP-Brasil - AC SyngularID Multipla"]],["Maria Elena de Oliveira Faria",["2026-04-10T13:08:39-03:00","ICP-Brasil - AC SyngularID Multipla"]],["Patrick Aparecido Goulart Campos",["2026-04-10T13:09:31-03:00","ICP-Brasil - AC SyngularID Multipla"]],["Rayan Albert Amorim Silveira",["2026-04-10T13:08:51-03:00","ICP-Brasil - AC SyngularID Multipla"]]]}}},"numero":13,"ano":2026,"numero_protocolo":165,"data_apresentacao":"2026-04-07","tipo_apresentacao":"E","data_publicacao":null,"numero_origem_externa":"","ano_origem_externa":null,"data_origem_externa":null,"apelido":"","dias_prazo":null,"data_fim_prazo":null,"em_tramitacao":true,"polemica":false,"objeto":"","complementar":false,"ementa":"Os Vereadores que este subscreve, no uso de suas atribui\u00e7\u00f5es legais e regimentais, requerem que seja encaminhado ao Prefeito Municipal, \u00e0 Secretaria Municipal de Educa\u00e7\u00e3o, \u00e0 Secretaria Municipal de Sa\u00fade e \u00e0 Secretaria Municipal de Assist\u00eancia Social, ou aos \u00f3rg\u00e3os competentes, o seguinte pedido:\r\n- Que seja avaliada a implementa\u00e7\u00e3o e/ou amplia\u00e7\u00e3o de a\u00e7\u00f5es integradas envolvendo profissionais de Terapia Ocupacional (TO) e Psicologia, com foco no atendimento \u00e0s crian\u00e7as com Transtorno do Espectro Autista (TEA), bem como o fortalecimento das fam\u00edlias que comp\u00f5em esse p\u00fablico, considerando a relev\u00e2ncia complementar dessas \u00e1reas no desenvolvimento, autonomia, comunica\u00e7\u00e3o e qualidade de vida das pessoas autistas.","indexacao":"","observacao":"","resultado":"","texto_original":"http://sapl.itaudeminas.mg.leg.br/media/sapl/public/materialegislativa/2026/3279/requerimento_n._13-26_vereadores_acoes_tea.pdf","data_ultima_atualizacao":"2026-04-15T09:10:18.471393-03:00","ip":"45.70.19.200","ultima_edicao":"2026-04-10T13:18:41.151238-03:00","tipo":7,"regime_tramitacao":1,"tipo_origem_externa":null,"local_origem_externa":null,"user":3,"anexadas":[],"autores":[54,29,30,53,31,55,56]}