{"id":3284,"__str__":"INDICA\u00c7\u00c3O n\u00ba 53 de 2026","link_detail_backend":"/materia/3284","metadata":{"signs":{"texto_original":{"admin":[],"autores":[["Dyonatan Camilo Costa",["2026-04-10T14:26:03-03:00","ICP-Brasil - AC SyngularID Multipla"]]]}}},"numero":53,"ano":2026,"numero_protocolo":171,"data_apresentacao":"2026-04-10","tipo_apresentacao":"E","data_publicacao":null,"numero_origem_externa":"","ano_origem_externa":null,"data_origem_externa":null,"apelido":"","dias_prazo":null,"data_fim_prazo":null,"em_tramitacao":true,"polemica":false,"objeto":"","complementar":false,"ementa":"O vereador que esta subscreve vem respeitosamente \u00e0 presen\u00e7a de Vossa Excel\u00eancia indicar ao Prefeito Municipal e \u00e0 Secretaria Municipal de Obras e Servi\u00e7os Urbanos ou \u00f3rg\u00e3o de tr\u00e2nsito competente, a necessidade de realizar a demarca\u00e7\u00e3o vertical (placas) e horizontal (pintura de solo) para \u00e1rea de estacionamento destinada exclusivamente a motocicletas na Rua Juventino Dias, entre os n\u00fameros 701 e 719 (foto anexada), no centro de Ita\u00fa de Minas.","indexacao":"","observacao":"","resultado":"","texto_original":"http://sapl.itaudeminas.mg.leg.br/media/sapl/public/materialegislativa/2026/3284/indicacao_n53_dyonatan_estacionamento_motos_.pdf","data_ultima_atualizacao":"2026-04-15T09:01:33.326149-03:00","ip":"45.70.19.200","ultima_edicao":"2026-04-10T14:26:30.875031-03:00","tipo":5,"regime_tramitacao":1,"tipo_origem_externa":null,"local_origem_externa":null,"user":3,"anexadas":[],"autores":[54]}