{"id":3285,"__str__":"REQUERIMENTO n\u00ba 14 de 2026","link_detail_backend":"/materia/3285","metadata":{"signs":{"texto_original":{"admin":[],"autores":[["Maria Elena de Oliveira Faria",["2026-04-13T11:59:58-03:00","ICP-Brasil - AC SyngularID Multipla"]],["Patrick Aparecido Goulart Campos",["2026-04-13T11:59:44-03:00","ICP-Brasil - AC SyngularID Multipla"]],["Rayan Albert Amorim Silveira",["2026-04-13T11:59:31-03:00","ICP-Brasil - AC SyngularID Multipla"]]]}}},"numero":14,"ano":2026,"numero_protocolo":172,"data_apresentacao":"2026-04-13","tipo_apresentacao":"E","data_publicacao":null,"numero_origem_externa":"","ano_origem_externa":null,"data_origem_externa":null,"apelido":"","dias_prazo":null,"data_fim_prazo":null,"em_tramitacao":true,"polemica":false,"objeto":"","complementar":false,"ementa":"A Mesa Diretora por seus membros abaixo assinados, requer a concess\u00e3o de Regime de urg\u00eancia aos seguintes Projeto de Lei:\r\n- Regime de urg\u00eancia especial ao Projeto de Lei Ordin\u00e1ria n\u00ba17 \u2013 Autoriza a abertura de cr\u00e9dito adicional especial na Lei Or\u00e7ament\u00e1ria Anual n\u00ba 1.313 de 13/11/2025 que, - Estima a receita e fixa a despesa do Munic\u00edpio de Ita\u00fa de Minas-MG para o exerc\u00edcio financeiro de 2026 - e d\u00e1 outras provid\u00eancias.\r\n- Regime de urg\u00eancia simples ao Projeto de Lei Complementar n\u00ba05 \u2013 Altera dispositivos que menciona na Lei Complementar n.\u00ba 10, de 29/12/1997 e altera\u00e7\u00f5es posteriores \u2013 C\u00f3digo Tribut\u00e1rio Municipal \u2013 e d\u00e1 outras provid\u00eancias.\r\n\r\nRequer tamb\u00e9m que sejam dispensados os pareceres das competentes comiss\u00f5es no pedido de urg\u00eancia especial ao Projeto de Lei Ordin\u00e1ria n\u00ba17.","indexacao":"","observacao":"","resultado":"","texto_original":"http://sapl.itaudeminas.mg.leg.br/media/sapl/public/materialegislativa/2026/3285/requerimento_14_urgencia_especial_e_simples.pdf","data_ultima_atualizacao":"2026-04-13T12:01:18.183279-03:00","ip":"45.70.19.200","ultima_edicao":"2026-04-13T12:00:58.981773-03:00","tipo":7,"regime_tramitacao":2,"tipo_origem_externa":null,"local_origem_externa":null,"user":3,"anexadas":[],"autores":[32]}