{"id":942,"__str__":"REQUERIMENTO n\u00ba 145 de 2019","link_detail_backend":"/materia/942","metadata":{},"numero":145,"ano":2019,"numero_protocolo":null,"data_apresentacao":"2019-11-19","tipo_apresentacao":"E","data_publicacao":null,"numero_origem_externa":"145","ano_origem_externa":2019,"data_origem_externa":null,"apelido":"","dias_prazo":null,"data_fim_prazo":null,"em_tramitacao":false,"polemica":null,"objeto":"","complementar":null,"ementa":"Os vereadores abaixo-assinado requerem do Executivo Municipal as seguintes informa\u00e7\u00f5es: \r\n- Quais as atividades econ\u00f4micas podem ser exercidas nos bairros predominante resid\u00eancias em nosso Munic\u00edpio?\r\n- Quais os bairros considerados pela Prefeitura como residenciais em nosso Munic\u00edpio?","indexacao":"Muitas pessoas nos t\u00eam procurado com d\u00edvidas quanto a possibilidade ou n\u00e3o de instala\u00e7\u00e3o de alguns tipos de atividades econ\u00f4micas em alguns bairros da cidade onde h\u00e1 a grande predomin\u00e2ncia de im\u00f3veis residenciais. \r\nSala das Sess\u00f5es, em 18 de novembro de 2019.\r\n\r\nMATHEUS VILELA SILVA \u2013 PRESIDENTE\r\n\r\n\r\nDAVI OLIVEIRA SOUSA - VEREADOR","observacao":"","resultado":"","texto_original":"http://sapl.itaudeminas.mg.leg.br/media/sapl/public/materialegislativa/2019/942/requerimento_no_145.19_-_atividades_economicas_-_nAI3xoZ.pdf","data_ultima_atualizacao":"2021-02-15T12:49:35.949115-03:00","ip":"45.70.19.205","ultima_edicao":null,"tipo":7,"regime_tramitacao":1,"tipo_origem_externa":7,"local_origem_externa":null,"user":5,"anexadas":[],"autores":[2,6]}