{"id":946,"__str__":"REQUERIMENTO n\u00ba 147 de 2019","link_detail_backend":"/materia/946","metadata":{},"numero":147,"ano":2019,"numero_protocolo":null,"data_apresentacao":"2019-11-25","tipo_apresentacao":"E","data_publicacao":null,"numero_origem_externa":"147","ano_origem_externa":2019,"data_origem_externa":null,"apelido":"","dias_prazo":null,"data_fim_prazo":null,"em_tramitacao":false,"polemica":null,"objeto":"","complementar":null,"ementa":"Senhores Vereadores.\r\n\r\n\r\nO vereador que esta subscreve, requer ao Plen\u00e1rio desta Casa de Leis a as seguintes informa\u00e7\u00f5es junto ao Executivo:\r\n- rela\u00e7\u00e3o dos ve\u00edculos recebidos e adquiridos pela Prefeitura Municipal; bem como c\u00f3pia dos Conv\u00eanios firmados para estes fins em 2018 e 2019, finalidade e setor de destina\u00e7\u00e3o de cada ve\u00edculo.","indexacao":"O pedido visar obtermos informa\u00e7\u00f5es e darmos esclarecimentos com rela\u00e7\u00e3o ao assunto supra citado, pois temos recebido den\u00facias de que alguns ve\u00edculos necess\u00e1rios as servi\u00e7os espec\u00edficos foram recebidos mas est\u00e3o sendo utilizados para fins diferentes do que o conv\u00eanio determina.\r\n\r\n\r\nSala das Sess\u00f5es, em 22 de Novembro de 2019.\r\nDAVI OLIVEIRA DE SOUSA\r\n Vereador","observacao":"","resultado":"","texto_original":"http://sapl.itaudeminas.mg.leg.br/media/sapl/public/materialegislativa/2019/946/requerimento_no_147.19_-_relacao_de_veiculos_-_davi.pdf","data_ultima_atualizacao":"2021-02-15T12:49:36.071833-03:00","ip":"45.70.19.205","ultima_edicao":null,"tipo":7,"regime_tramitacao":1,"tipo_origem_externa":7,"local_origem_externa":null,"user":5,"anexadas":[],"autores":[2]}