{"id":948,"__str__":"REQUERIMENTO n\u00ba 148 de 2019","link_detail_backend":"/materia/948","metadata":{},"numero":148,"ano":2019,"numero_protocolo":null,"data_apresentacao":"2019-12-02","tipo_apresentacao":"E","data_publicacao":null,"numero_origem_externa":"148","ano_origem_externa":2019,"data_origem_externa":null,"apelido":"","dias_prazo":null,"data_fim_prazo":null,"em_tramitacao":false,"polemica":null,"objeto":"","complementar":null,"ementa":"Senhores Vereadores.\r\n\r\nO vereador que esta subscreve, requer ao Plen\u00e1rio desta Casa de Leis as seguintes informa\u00e7\u00f5es junto \u00e0 Mesa Diretora:\r\n- Raz\u00e3o de bancos das contas da Educa\u00e7\u00e3o e FUNDEB referente ao exerc\u00edcio de 2019.\r\n\r\n- Demonstrativo de aplica\u00e7\u00e3o dos recursos da educa\u00e7\u00e3o (25%), contendo o valor da receita arrecadada, despesa realizada e percentual aplicado em um mesmo documento, referente ao exerc\u00edcio de 2019. Este demonstrativo j\u00e1 foi solicitado atrav\u00e9s do requerimento de n\u00ba 050/2019. Ocorre que como resposta foi encaminhado balancete de receita e despesa da educa\u00e7\u00e3o n\u00e3o sendo poss\u00edvel obter as informa\u00e7\u00f5es desejadas.","indexacao":"O pedido visar fiscaliza\u00e7\u00e3o e conhecimento do assunto. \r\n\r\nSala das Sess\u00f5es, em 01 de dezembro de 2019.\r\n\r\n\r\nDAVI OLIVEIRA DE SOUSA\r\n Vereador","observacao":"","resultado":"","texto_original":"http://sapl.itaudeminas.mg.leg.br/media/sapl/public/materialegislativa/2019/948/requerimento_no_148.19_-_contas_da_educacao_-_davi.pdf","data_ultima_atualizacao":"2021-02-15T12:49:36.213939-03:00","ip":"45.70.19.205","ultima_edicao":null,"tipo":7,"regime_tramitacao":1,"tipo_origem_externa":7,"local_origem_externa":null,"user":5,"anexadas":[],"autores":[2]}