{"id":949,"__str__":"REQUERIMENTO n\u00ba 149 de 2019","link_detail_backend":"/materia/949","metadata":{},"numero":149,"ano":2019,"numero_protocolo":null,"data_apresentacao":"2019-12-02","tipo_apresentacao":"E","data_publicacao":null,"numero_origem_externa":"149","ano_origem_externa":2019,"data_origem_externa":null,"apelido":"","dias_prazo":null,"data_fim_prazo":null,"em_tramitacao":false,"polemica":null,"objeto":"","complementar":null,"ementa":"Senhores Vereadores.\r\n\r\nO vereador que esta subscreve, requer ao Plen\u00e1rio desta Casa de Leis as seguintes informa\u00e7\u00f5es junto \u00e0 Mesa Diretora:\r\n- C\u00f3pia do processo completo inclusive de todas as propostas comerciais do preg\u00e3o presencial n\u00ba 041/2018 \u2013 Registro de pre\u00e7os n\u00ba 022/2018, tendo como objeto a contrata\u00e7\u00e3o de eventual pessoa jur\u00eddica para fretamento de ve\u00edculos, com motoristas habilitados e ve\u00edculos devidamente licenciados.\r\n\r\n- C\u00f3pia do controle de viagens realizadas fora do Munic\u00edpio para transporte de pacientes contendo a data da viagem, n\u00famero de pacientes transportados e a localidade (Ribeir\u00e3o, Barretos, etc) referente ao exerc\u00edcio de 2019.\r\n\r\n- Quando a Secret\u00e1ria de Sa\u00fade esteve nesta Casa, ficou de responder posteriormente o questionamento sobre viagens com quilometragem acima da m\u00e9dia e at\u00e9 o momento n\u00e3o o fez. \r\nSolicito o envio destas informa\u00e7\u00f5es.","indexacao":"O pedido visar fiscaliza\u00e7\u00e3o e conhecimento do assunto. \r\n\r\nSala das Sess\u00f5es, em 01 de dezembro de 2019.\r\n\r\nMATHEUS\r\nPresidente","observacao":"","resultado":"","texto_original":"http://sapl.itaudeminas.mg.leg.br/media/sapl/public/materialegislativa/2019/949/requerimento_no_149.19_-_matheus.pdf","data_ultima_atualizacao":"2021-02-15T12:49:36.375671-03:00","ip":"45.70.19.205","ultima_edicao":null,"tipo":7,"regime_tramitacao":1,"tipo_origem_externa":7,"local_origem_externa":null,"user":5,"anexadas":[],"autores":[6]}