{"id":146,"__str__":"PEDIDO DE DILA\u00c7\u00c3O DE PRAZO","link_detail_backend":"/docadm/documentoacessorioadministrativo/146","metadata":{"signs":{"arquivo":{"admin":[],"autores":[["Vinicius Araujo Cunha",["2024-04-10T14:20:10-03:00","ICP-Brasil - Certificado PF A1"]]]}}},"nome":"PEDIDO DE DILA\u00c7\u00c3O DE PRAZO","arquivo":"http://sapl.itaudeminas.mg.leg.br/media/sapl/public/documentoacessorioadministrativo/146/pedido_de_prazo_-_parecer_-_ameg_-_castracao_animais.pdf","data":"2024-04-10","autor":"DR. VINICIUS ARAUJO CUNHA","assunto":"O Servidor P\u00fablico desta ilustre C\u00e2mara Municipal de Ita\u00fa de Minas que ao final subscreve a presente solicita, respeitosamente e em mais essa oportunidade, a concess\u00e3o de novo\r\nprazo de 03 (tr\u00eas) dias para a derradeira conclus\u00e3o final do Parecer Jur\u00eddico acerca do Of\u00edcio\r\nacima mencionado, desta feita por se encontrar aguardando a remessa do EDITAL DE LICITA\u00c7\u00c3O emitido pela AMEG \u2013 ASSOCIA\u00c7\u00c3O P\u00daBLICA DOS MUNIC\u00cdPIOS DA MICRORREGI\u00c3O DO M\u00c9DIO RIO GRANDE referente \u00e0 quest\u00e3o sob an\u00e1lise, mais documentos\r\nque instruem o respectivo processo licitat\u00f3rio, todos, a meu ver, imprescind\u00edveis ao posicionamento jur\u00eddico a ser adotado, sendo certo que ditos documentos n\u00e3o se encontram, ao momento,\r\ndisponibilizados na plataforma SAPL (Sistema de Apoio ao Processo Legislativo), da\u00ed o implemento de dilig\u00eancias, por este parecerista, para os prop\u00f3sitos aqui expostos.","indexacao":"","documento":902,"tipo":19}