{"id":1500,"__str__":"OFLEG N\u00ba 040/2026 - OF\u00cdCIO LEGISLATIVO","link_detail_backend":"/docadm/1500","metadata":{"signs":{"texto_integral":{"admin":[],"autores":[["Rayan Albert Amorim Silveira",["2026-04-01T09:07:12-03:00","ICP-Brasil - AC SyngularID Multipla"]]]}}},"numero":40,"complemento":"","ano":2026,"data":"2026-04-01","interessado":"CAMARA MUNICIPAL DE ITAU DE MINAS","dias_prazo":null,"data_fim_prazo":null,"tramitacao":false,"assunto":"Exmo. Sr.\r\nNorival Francisco de Lima\r\nPrefeito Municipal\r\nIta\u00fa de Minas \u2013 MG\r\nSenhor Prefeito.\r\nVimos \u00e0 vossa presen\u00e7a encaminhar-lhe as mat\u00e9rias apresentadas e deliberadas na \u00faltima sess\u00e3o ordin\u00e1ria desta Casa de Leis havida em 31.03.26 quais sejam:\r\na) Projeto de lei n. 07/26 que \"Disp\u00f5e sobre a obrigatoriedade da remo\u00e7\u00e3o de tocos e ra\u00edzes remanescentes do corte de \u00e1rvores em logradouros p\u00fablicos no Munic\u00edpio de Ita\u00fa de Minas e d\u00e1 outras provid\u00eancias\u201d.\r\nb) Anteprojeto de Lei N.\u00ba 09/26 que \u201cAltera a Lei Complementar n\u00ba 56, de 07 de novembro de 2019, que institui o Plano Diretor de Ita\u00fa de Minas/MG, para criar o Programa Municipal de Regulariza\u00e7\u00e3o do D\u00e9ficit de \u00c1rea Perme\u00e1vel (PRDAP), estabelecendo normas para regulariza\u00e7\u00e3o de edifica\u00e7\u00f5es com desconformidades quanto \u00e0 \u00e1rea perme\u00e1vel, anistia de multas e fixa\u00e7\u00e3o de prazos.\u201d\r\nc) Indica\u00e7\u00f5es n. 44 \u00e0 n. 50/26 de diversos autores.","numero_externo":null,"observacao":"","texto_integral":"http://sapl.itaudeminas.mg.leg.br/media/sapl/private/documentoadministrativo/1500/oficio_n40_encaminha_materias_dia_31-03-26.pdf","restrito":false,"ip":"45.70.16.99","ultima_edicao":"2026-04-01T09:08:12.073682-03:00","tipo":1,"protocolo":3281,"autor":56,"user":3,"anexados":[],"materiasvinculadas":[3227,3261,3262,3263,3264,3266,3270,3271,3265]}