{"id":1504,"__str__":"PARJU N\u00ba 11526/2026-PLO15-26 - PARECER JUR\u00cdDICO","link_detail_backend":"/docadm/1504","metadata":{"signs":{"texto_integral":{"admin":[],"autores":[["Vinicius Araujo Cunha",["2026-04-10T11:32:08-03:00","ICP-Brasil - AC SyngularID Multipla"]]]}}},"numero":11526,"complemento":"PLO15-26","ano":2026,"data":"2026-04-10","interessado":"PLO 15/2026","dias_prazo":null,"data_fim_prazo":null,"tramitacao":false,"assunto":"PARECER JUR\u00cdDICO AO PROJETO DE LEI N\u00ba\r\n15/2026, DA LAVRA DO NOBRE VEREADOR\r\nRAYAN ALBERT AMORIM SILVEIRA, VOLTADO\r\n\u00c0 CRIA\u00c7\u00c3O DO \u201cPROGRAMA FRENTE\r\nDE TRABALHO\u201d NESTE MUNIC\u00cdPIO, E D\u00c1 OUTRAS\r\nPROVID\u00caNCIAS.","numero_externo":null,"observacao":"","texto_integral":"http://sapl.itaudeminas.mg.leg.br/media/sapl/private/documentoadministrativo/1504/parecer_juridico_-_lei_ordinaria_15-2026.pdf","restrito":false,"ip":"45.70.19.200","ultima_edicao":"2026-04-10T12:31:12.201722-03:00","tipo":10,"protocolo":3290,"autor":24,"user":3,"anexados":[],"materiasvinculadas":[3267]}