{"id":31,"__str__":"Ordem: None - Requerente: RAYAN SILVEIRA - Mat\u00e9ria: INDICA\u00c7\u00c3O n\u00ba 17 de 2026","link_detail_backend":"/sessao/retiradapauta/31","metadata":{},"data":"2026-03-03","observacao":"RETIRADA PELO AUTOR TENDO EM VISTA CUMPRIMENTO DA MESMA.","materia":3198,"sessao_plenaria":714,"ordem":null,"expediente":1580,"parlamentar":22,"tipo_de_retirada":4}